{"id":11874,"date":"2021-06-26T19:08:24","date_gmt":"2021-06-26T17:08:24","guid":{"rendered":"https:\/\/www.villainumbria.com\/nl\/?p=11874"},"modified":"2025-02-17T11:12:58","modified_gmt":"2025-02-17T10:12:58","slug":"abdij-van-san-salvatore-di-montecorona","status":"publish","type":"post","link":"https:\/\/www.villainumbria.com\/nl\/abdij-van-san-salvatore-di-montecorona\/","title":{"rendered":"Abdij van San Salvatore di Montecorona"},"content":{"rendered":"\r\n<p class=\"p1\">In Itali\u00eb zijn veel abdijen en kerken op adembenemende plekken gebouwd en vaak eeuwen oud. Op de website \u201c<a href=\"https:\/\/www.iluoghidelsilenzio.it\/author\/iluoghidelsilenzio\/\" target=\"_blank\" rel=\"noopener\">i luoghi del silenzio<\/a>\u201d zijn veel van deze bijzondere abdijen verzameld. Zo ook de abdij van San Salvatore di Montecorona, vlakbij Umbertide. Hier begrijp je direct waarom het een plek van stilte genoemd wordt. De omgeving is keurig onderhouden in een groene vallei met bewerkte velden rondom.\u00a0<\/p>\r\n<p><img loading=\"lazy\" decoding=\"async\" class=\"alignnone wp-image-11876\" title=\"De Abdij van San Salvatore di Montecorona\" src=\"https:\/\/www.villainumbria.com\/nl\/wp-content\/uploads\/2021\/06\/DSC_1441.jpg\" alt=\"De Abdij van San Salvatore di Montecorona\" width=\"500\" height=\"307\" srcset=\"https:\/\/www.villainumbria.com\/nl\/wp-content\/uploads\/2021\/06\/DSC_1441.jpg 880w, https:\/\/www.villainumbria.com\/nl\/wp-content\/uploads\/2021\/06\/DSC_1441-300x184.jpg 300w, https:\/\/www.villainumbria.com\/nl\/wp-content\/uploads\/2021\/06\/DSC_1441-768x471.jpg 768w\" sizes=\"(max-width: 500px) 100vw, 500px\" \/> <img loading=\"lazy\" decoding=\"async\" class=\"alignnone wp-image-11875\" title=\"De Abdij van San Salvatore di Montecorona\" src=\"https:\/\/www.villainumbria.com\/nl\/wp-content\/uploads\/2021\/06\/DSC_1452.jpg\" alt=\"De Abdij van San Salvatore di Montecorona\" width=\"500\" height=\"307\" srcset=\"https:\/\/www.villainumbria.com\/nl\/wp-content\/uploads\/2021\/06\/DSC_1452.jpg 880w, https:\/\/www.villainumbria.com\/nl\/wp-content\/uploads\/2021\/06\/DSC_1452-300x184.jpg 300w, https:\/\/www.villainumbria.com\/nl\/wp-content\/uploads\/2021\/06\/DSC_1452-768x471.jpg 768w\" sizes=\"(max-width: 500px) 100vw, 500px\" \/><\/p>\r\n<h3>Abdij van San Salvatore di Montecorona en de Eremo<\/h3>\r\n<p class=\"p1\">De kerk is nog in gebruik en de hele dag geopend. De crypte is heel bijzonder door de Romaanse architectuur. Iedere kolom is anders. Op een doordeweekse dag liep ik hier helemaal alleen. De stilte was overdonderend.<\/p>\r\n<p><img loading=\"lazy\" decoding=\"async\" class=\"alignnone wp-image-11877\" title=\"De crypte van de abdij San Salvatore di Montecorona\" src=\"https:\/\/www.villainumbria.com\/nl\/wp-content\/uploads\/2021\/06\/DSC_1446.jpg\" alt=\"De crypte van de abdij San Salvatore di Montecorona\" width=\"500\" height=\"307\" srcset=\"https:\/\/www.villainumbria.com\/nl\/wp-content\/uploads\/2021\/06\/DSC_1446.jpg 880w, https:\/\/www.villainumbria.com\/nl\/wp-content\/uploads\/2021\/06\/DSC_1446-300x184.jpg 300w, https:\/\/www.villainumbria.com\/nl\/wp-content\/uploads\/2021\/06\/DSC_1446-768x471.jpg 768w\" sizes=\"(max-width: 500px) 100vw, 500px\" \/><\/p>\r\n<p class=\"p1\">De abdij van Salvatore di Montecorona stamt uit de 11de eeuw en kende hoogtijdagen een eeuw later toen ook de bovenkerk in gebruik werd genomen. De kerk ligt aan de voet van de Monte Corona. Aan de top van deze berg is de <a href=\"https:\/\/www.umbriatourism.it\/-\/eremo-di-monte-corona-umbertide\" target=\"_blank\" rel=\"noopener\">Eremo di Montecorona<\/a>. Het centrum van het spirituele leven uit die tijd. Hier leven tot op de dag van vandaag nog monniken in een gesloten gemeenschap.\u00a0<\/p>\r\n<p class=\"p1\">Je kunt van de kerk naar de Eremo lopen via het pad \u201cLa Mattonata\u201d. Dat is de oude weg door de monniken aangelegd die de Eremo met de kerk verbindt.<\/p>\r\n<p><iframe loading=\"lazy\" title=\"Emozioni e storie dall&#039;eremo di Montecorona\" width=\"1080\" height=\"608\" src=\"https:\/\/www.youtube.com\/embed\/dKEOx0JPRTE?feature=oembed\"  allow=\"accelerometer; autoplay; clipboard-write; encrypted-media; gyroscope; picture-in-picture; web-share\" referrerpolicy=\"strict-origin-when-cross-origin\" allowfullscreen><\/iframe><\/p>\r\n<h3>Palazzo San Savino<\/h3>\r\n<p class=\"p1\">In deze bosrijke omgeving waar wandelaars en fietsers aan hun trekken komen, ligt halfweg op de berg de Palazzo San Savino, niet ver van het wandelpad La Mattonata. Men denkt dat dit antieke huis door monniken werd gebruikt die meehielpen bij de bouw van de Eremo. Hier vonden zij een plek om te slapen en te eten. De kleine kapel staat nog als getuige van dit verleden. Tegenwoordig kun je hier in alle rust vakantie vieren, genietend van verkoeling bij het zwembad.<\/p>\r\n<p>Fabio en Natalyia zijn sinds kort de eigenaren van de Palazzo San Savino. Fabio is geboren en getogen op de boerderij van zijn ouders, vlakbij de kerk van Montecorona. Zijn familie woont hier al 300 jaar! Samen met Natalyia heeft hij het huis dat helemaal onderkomen was nieuw leven ingeblazen. Er direct naast staat een modernere woning die zij verhuren in het zomerseizoen: <a href=\"https:\/\/www.villainumbria.com\/nl\/3041116\/palazzo-san-savino-villa-met-zwembad---villa-in-umbertide\" target=\"_blank\" rel=\"noopener\">Palazzo San Savino<\/a>.<\/p>\r\n<p><img loading=\"lazy\" decoding=\"async\" class=\"alignnone wp-image-11882\" title=\"Villa San Savino\" src=\"https:\/\/www.villainumbria.com\/nl\/wp-content\/uploads\/2021\/06\/DSC_1404.jpg\" alt=\"Villa San Savino\" width=\"500\" height=\"307\" srcset=\"https:\/\/www.villainumbria.com\/nl\/wp-content\/uploads\/2021\/06\/DSC_1404.jpg 880w, https:\/\/www.villainumbria.com\/nl\/wp-content\/uploads\/2021\/06\/DSC_1404-300x184.jpg 300w, https:\/\/www.villainumbria.com\/nl\/wp-content\/uploads\/2021\/06\/DSC_1404-768x471.jpg 768w\" sizes=\"(max-width: 500px) 100vw, 500px\" \/><\/p>\r\n<h3>Culinaire tips van Fabio en Natalyia<\/h3>\r\n<p class=\"p1\">Bij de kerk in het dal is een Agriturismo waar je de lokale keuken kunt proeven. Je kunt hier voor goede prijzen heerlijk eten. Naast de kerk kun je ook de producten van het Agriturismo kopen: olijfolie, wijn en meer.<\/p>\r\n<p class=\"p1\">Natalyia gaat op woensdagmorgen graag naar de <a href=\"https:\/\/www.villainumbria.com\/nl\/nl\/umbrie-blog-markten-in-umbrie\/\" target=\"_blank\" rel=\"noopener\">markt<\/a> in Umbertide voor verse groente en fruit, kaas, vis, porchetta en meer. Op zaterdag is een kleinere markt waar alleen typische lokale producten verkocht worden zoals keramiek en schilderijen van lokale kunstenaars. Beslist de moeite waard om eens te gaan kijken als je in de buurt bent.<\/p>\r\n<p><img loading=\"lazy\" decoding=\"async\" class=\"alignnone wp-image-11883\" title=\"Markt in Umbertide\" src=\"https:\/\/www.villainumbria.com\/nl\/wp-content\/uploads\/2021\/06\/Umbertide-market-july2015-1.jpg\" alt=\"Markt in Umbertide\" width=\"500\" height=\"375\" srcset=\"https:\/\/www.villainumbria.com\/nl\/wp-content\/uploads\/2021\/06\/Umbertide-market-july2015-1.jpg 1000w, https:\/\/www.villainumbria.com\/nl\/wp-content\/uploads\/2021\/06\/Umbertide-market-july2015-1-300x225.jpg 300w, https:\/\/www.villainumbria.com\/nl\/wp-content\/uploads\/2021\/06\/Umbertide-market-july2015-1-768x576.jpg 768w\" sizes=\"(max-width: 500px) 100vw, 500px\" \/><\/p>\r\n<p class=\"p1\">Even lekker Italiaans lunchen na over de markt gestruind te hebben? Probeer het <a href=\"http:\/\/www.ristorante-sangiorgio.it\/\" target=\"_blank\" rel=\"noopener\">Ristorante San Giorgio<\/a> op het plein, Via Mancini 2. Aanbevolen door Fabio.\u00a0<\/p>\r\n<p class=\"p1\">Hou je van lekker Italiaans ijs, probeer dan het zelfgemaakte ijs van Gelateria Delizia in de Via Antonio Gramsci 18.<\/p>\r\n<p class=\"p1\">En bij de <a href=\"https:\/\/www.enotecamigliorati.it\/\" target=\"_blank\" rel=\"noopener\">Enoteca Migliorati<\/a> koop je je favoriete wijn. De winkel is in de Via Colombo 1. Het restaurant is in de Via Garibaldi 58.\u00a0<\/p>\r\n","protected":false},"excerpt":{"rendered":"","protected":false},"author":3,"featured_media":11893,"comment_status":"open","ping_status":"open","sticky":false,"template":"","format":"standard","meta":{"_et_pb_use_builder":"","_et_pb_old_content":"","_et_gb_content_width":"","footnotes":""},"categories":[1209],"tags":[453,3406,2079,2568,2920,3171],"class_list":["post-11874","post","type-post","status-publish","format-standard","has-post-thumbnail","hentry","category-umbrie-italie-cultuur","tag-abdij","tag-bezienswaardigheden-in-umbrie","tag-lokale-markt","tag-restaurant-umbrie","tag-umbertide-in-umbrie","tag-vakantiehuis-in-umbrie"],"yoast_head":"<!-- This site is optimized with the Yoast SEO plugin v26.8 - https:\/\/yoast.com\/product\/yoast-seo-wordpress\/ -->\n<title>Abdij van San Salvatore di Montecorona - Villa in Umbria<\/title>\n<meta name=\"description\" content=\"De Abdij van San Salvatore di Montecorona ligt vlakbij Umbertide in een natuurgebied met wandelpaden en fietsroutes. Villa San Savino.\" \/>\n<meta name=\"robots\" content=\"index, follow, max-snippet:-1, max-image-preview:large, max-video-preview:-1\" \/>\n<link rel=\"canonical\" href=\"https:\/\/www.villainumbria.com\/nl\/abdij-van-san-salvatore-di-montecorona\/\" \/>\n<meta property=\"og:locale\" content=\"nl_NL\" \/>\n<meta property=\"og:type\" content=\"article\" \/>\n<meta property=\"og:title\" content=\"Abdij van San Salvatore di Montecorona - Villa in Umbria\" \/>\n<meta property=\"og:description\" content=\"De Abdij van San Salvatore di Montecorona ligt vlakbij Umbertide in een natuurgebied met wandelpaden en fietsroutes. Villa San Savino.\" \/>\n<meta property=\"og:url\" content=\"https:\/\/www.villainumbria.com\/nl\/abdij-van-san-salvatore-di-montecorona\/\" \/>\n<meta property=\"og:site_name\" content=\"Villa in Umbria\" \/>\n<meta property=\"article:publisher\" content=\"https:\/\/www.facebook.com\/villainumbria.holidays\" \/>\n<meta property=\"article:author\" content=\"https:\/\/www.facebook.com\/villainumbria.holidays\" \/>\n<meta property=\"article:published_time\" content=\"2021-06-26T17:08:24+00:00\" \/>\n<meta property=\"article:modified_time\" content=\"2025-02-17T10:12:58+00:00\" \/>\n<meta property=\"og:image\" content=\"https:\/\/www.villainumbria.com\/nl\/wp-content\/uploads\/2021\/06\/DSC_1449.jpg\" \/>\n\t<meta property=\"og:image:width\" content=\"880\" \/>\n\t<meta property=\"og:image:height\" content=\"540\" \/>\n\t<meta property=\"og:image:type\" content=\"image\/jpeg\" \/>\n<meta name=\"author\" content=\"Villa in Umbria\" \/>\n<meta name=\"twitter:card\" content=\"summary_large_image\" \/>\n<meta name=\"twitter:creator\" content=\"@villainumbria\" \/>\n<meta name=\"twitter:site\" content=\"@villainumbria\" \/>\n<meta name=\"twitter:label1\" content=\"Geschreven door\" \/>\n\t<meta name=\"twitter:data1\" content=\"Villa in Umbria\" \/>\n\t<meta name=\"twitter:label2\" content=\"Geschatte leestijd\" \/>\n\t<meta name=\"twitter:data2\" content=\"4 minuten\" \/>\n<script type=\"application\/ld+json\" class=\"yoast-schema-graph\">{\"@context\":\"https:\/\/schema.org\",\"@graph\":[{\"@type\":\"Article\",\"@id\":\"https:\/\/www.villainumbria.com\/nl\/abdij-van-san-salvatore-di-montecorona\/#article\",\"isPartOf\":{\"@id\":\"https:\/\/www.villainumbria.com\/nl\/abdij-van-san-salvatore-di-montecorona\/\"},\"author\":{\"name\":\"Villa in Umbria\",\"@id\":\"https:\/\/www.villainumbria.com\/nl\/#\/schema\/person\/7c2b9a67f438a37eef94728cfacb200c\"},\"headline\":\"Abdij van San Salvatore di Montecorona\",\"datePublished\":\"2021-06-26T17:08:24+00:00\",\"dateModified\":\"2025-02-17T10:12:58+00:00\",\"mainEntityOfPage\":{\"@id\":\"https:\/\/www.villainumbria.com\/nl\/abdij-van-san-salvatore-di-montecorona\/\"},\"wordCount\":541,\"commentCount\":0,\"publisher\":{\"@id\":\"https:\/\/www.villainumbria.com\/nl\/#organization\"},\"image\":{\"@id\":\"https:\/\/www.villainumbria.com\/nl\/abdij-van-san-salvatore-di-montecorona\/#primaryimage\"},\"thumbnailUrl\":\"https:\/\/www.villainumbria.com\/nl\/wp-content\/uploads\/2021\/06\/DSC_1449.jpg\",\"keywords\":[\"Abdij\",\"Bezienswaardigheden in Umbri\u00eb\",\"Lokale markt\",\"Restaurant Umbri\u00eb\",\"Umbertide in Umbri\u00eb\",\"Vakantiehuis in Umbri\u00eb\"],\"articleSection\":[\"Evenementen, cultuur en kunst\"],\"inLanguage\":\"nl-NL\",\"potentialAction\":[{\"@type\":\"CommentAction\",\"name\":\"Comment\",\"target\":[\"https:\/\/www.villainumbria.com\/nl\/abdij-van-san-salvatore-di-montecorona\/#respond\"]}]},{\"@type\":\"WebPage\",\"@id\":\"https:\/\/www.villainumbria.com\/nl\/abdij-van-san-salvatore-di-montecorona\/\",\"url\":\"https:\/\/www.villainumbria.com\/nl\/abdij-van-san-salvatore-di-montecorona\/\",\"name\":\"Abdij van San Salvatore di Montecorona - Villa in Umbria\",\"isPartOf\":{\"@id\":\"https:\/\/www.villainumbria.com\/nl\/#website\"},\"primaryImageOfPage\":{\"@id\":\"https:\/\/www.villainumbria.com\/nl\/abdij-van-san-salvatore-di-montecorona\/#primaryimage\"},\"image\":{\"@id\":\"https:\/\/www.villainumbria.com\/nl\/abdij-van-san-salvatore-di-montecorona\/#primaryimage\"},\"thumbnailUrl\":\"https:\/\/www.villainumbria.com\/nl\/wp-content\/uploads\/2021\/06\/DSC_1449.jpg\",\"datePublished\":\"2021-06-26T17:08:24+00:00\",\"dateModified\":\"2025-02-17T10:12:58+00:00\",\"description\":\"De Abdij van San Salvatore di Montecorona ligt vlakbij Umbertide in een natuurgebied met wandelpaden en fietsroutes. Villa San Savino.\",\"inLanguage\":\"nl-NL\",\"potentialAction\":[{\"@type\":\"ReadAction\",\"target\":[\"https:\/\/www.villainumbria.com\/nl\/abdij-van-san-salvatore-di-montecorona\/\"]}]},{\"@type\":\"ImageObject\",\"inLanguage\":\"nl-NL\",\"@id\":\"https:\/\/www.villainumbria.com\/nl\/abdij-van-san-salvatore-di-montecorona\/#primaryimage\",\"url\":\"https:\/\/www.villainumbria.com\/nl\/wp-content\/uploads\/2021\/06\/DSC_1449.jpg\",\"contentUrl\":\"https:\/\/www.villainumbria.com\/nl\/wp-content\/uploads\/2021\/06\/DSC_1449.jpg\",\"width\":880,\"height\":540,\"caption\":\"Abdij van San Salvatore di Montecorona\"},{\"@type\":\"WebSite\",\"@id\":\"https:\/\/www.villainumbria.com\/nl\/#website\",\"url\":\"https:\/\/www.villainumbria.com\/nl\/\",\"name\":\"Villa in Umbria\",\"description\":\"Een website over Umbri\u00eb: bezienswaardigheden, evenementen, restaurants en meer.\",\"publisher\":{\"@id\":\"https:\/\/www.villainumbria.com\/nl\/#organization\"},\"potentialAction\":[{\"@type\":\"SearchAction\",\"target\":{\"@type\":\"EntryPoint\",\"urlTemplate\":\"https:\/\/www.villainumbria.com\/nl\/?s={search_term_string}\"},\"query-input\":{\"@type\":\"PropertyValueSpecification\",\"valueRequired\":true,\"valueName\":\"search_term_string\"}}],\"inLanguage\":\"nl-NL\"},{\"@type\":\"Organization\",\"@id\":\"https:\/\/www.villainumbria.com\/nl\/#organization\",\"name\":\"Villa in Umbria\",\"url\":\"https:\/\/www.villainumbria.com\/nl\/\",\"logo\":{\"@type\":\"ImageObject\",\"inLanguage\":\"nl-NL\",\"@id\":\"https:\/\/www.villainumbria.com\/nl\/#\/schema\/logo\/image\/\",\"url\":\"https:\/\/www.villainumbria.com\/nl\/wp-content\/uploads\/2018\/07\/cropped-cropped-villa_in_umbria__logo_senzascritta_trasp-1.png\",\"contentUrl\":\"https:\/\/www.villainumbria.com\/nl\/wp-content\/uploads\/2018\/07\/cropped-cropped-villa_in_umbria__logo_senzascritta_trasp-1.png\",\"width\":1206,\"height\":903,\"caption\":\"Villa in Umbria\"},\"image\":{\"@id\":\"https:\/\/www.villainumbria.com\/nl\/#\/schema\/logo\/image\/\"},\"sameAs\":[\"https:\/\/www.facebook.com\/villainumbria.holidays\",\"https:\/\/x.com\/villainumbria\",\"https:\/\/www.instagram.com\/villainumbria.holidays\/\",\"https:\/\/www.pinterest.com\/villainumbria\/\",\"https:\/\/www.youtube.com\/villainumbria\"]},{\"@type\":\"Person\",\"@id\":\"https:\/\/www.villainumbria.com\/nl\/#\/schema\/person\/7c2b9a67f438a37eef94728cfacb200c\",\"name\":\"Villa in Umbria\",\"image\":{\"@type\":\"ImageObject\",\"inLanguage\":\"nl-NL\",\"@id\":\"https:\/\/www.villainumbria.com\/nl\/#\/schema\/person\/image\/\",\"url\":\"https:\/\/secure.gravatar.com\/avatar\/07b5986d2abbf1af255c81c969e876d46c235edd7e9e39da9f7e03c2385f71da?s=96&d=mm&r=g\",\"contentUrl\":\"https:\/\/secure.gravatar.com\/avatar\/07b5986d2abbf1af255c81c969e876d46c235edd7e9e39da9f7e03c2385f71da?s=96&d=mm&r=g\",\"caption\":\"Villa in Umbria\"},\"description\":\"Born in The Netherlands in 1969 and living in Umbria, Italy since 2000. Owner of https:\/\/www.villainumbria.com.\",\"sameAs\":[\"https:\/\/www.villainumbria.com\",\"https:\/\/www.facebook.com\/villainumbria.holidays\",\"https:\/\/www.instagram.com\/villainumbria.holidays\/\",\"https:\/\/x.com\/villainumbria\"],\"url\":\"https:\/\/www.villainumbria.com\/nl\/author\/villainumbria\/\"}]}<\/script>\n<!-- \/ Yoast SEO plugin. -->","yoast_head_json":{"title":"Abdij van San Salvatore di Montecorona - Villa in Umbria","description":"De Abdij van San Salvatore di Montecorona ligt vlakbij Umbertide in een natuurgebied met wandelpaden en fietsroutes. Villa San Savino.","robots":{"index":"index","follow":"follow","max-snippet":"max-snippet:-1","max-image-preview":"max-image-preview:large","max-video-preview":"max-video-preview:-1"},"canonical":"https:\/\/www.villainumbria.com\/nl\/abdij-van-san-salvatore-di-montecorona\/","og_locale":"nl_NL","og_type":"article","og_title":"Abdij van San Salvatore di Montecorona - Villa in Umbria","og_description":"De Abdij van San Salvatore di Montecorona ligt vlakbij Umbertide in een natuurgebied met wandelpaden en fietsroutes. Villa San Savino.","og_url":"https:\/\/www.villainumbria.com\/nl\/abdij-van-san-salvatore-di-montecorona\/","og_site_name":"Villa in Umbria","article_publisher":"https:\/\/www.facebook.com\/villainumbria.holidays","article_author":"https:\/\/www.facebook.com\/villainumbria.holidays","article_published_time":"2021-06-26T17:08:24+00:00","article_modified_time":"2025-02-17T10:12:58+00:00","og_image":[{"width":880,"height":540,"url":"https:\/\/www.villainumbria.com\/nl\/wp-content\/uploads\/2021\/06\/DSC_1449.jpg","type":"image\/jpeg"}],"author":"Villa in Umbria","twitter_card":"summary_large_image","twitter_creator":"@villainumbria","twitter_site":"@villainumbria","twitter_misc":{"Geschreven door":"Villa in Umbria","Geschatte leestijd":"4 minuten"},"schema":{"@context":"https:\/\/schema.org","@graph":[{"@type":"Article","@id":"https:\/\/www.villainumbria.com\/nl\/abdij-van-san-salvatore-di-montecorona\/#article","isPartOf":{"@id":"https:\/\/www.villainumbria.com\/nl\/abdij-van-san-salvatore-di-montecorona\/"},"author":{"name":"Villa in Umbria","@id":"https:\/\/www.villainumbria.com\/nl\/#\/schema\/person\/7c2b9a67f438a37eef94728cfacb200c"},"headline":"Abdij van San Salvatore di Montecorona","datePublished":"2021-06-26T17:08:24+00:00","dateModified":"2025-02-17T10:12:58+00:00","mainEntityOfPage":{"@id":"https:\/\/www.villainumbria.com\/nl\/abdij-van-san-salvatore-di-montecorona\/"},"wordCount":541,"commentCount":0,"publisher":{"@id":"https:\/\/www.villainumbria.com\/nl\/#organization"},"image":{"@id":"https:\/\/www.villainumbria.com\/nl\/abdij-van-san-salvatore-di-montecorona\/#primaryimage"},"thumbnailUrl":"https:\/\/www.villainumbria.com\/nl\/wp-content\/uploads\/2021\/06\/DSC_1449.jpg","keywords":["Abdij","Bezienswaardigheden in Umbri\u00eb","Lokale markt","Restaurant Umbri\u00eb","Umbertide in Umbri\u00eb","Vakantiehuis in Umbri\u00eb"],"articleSection":["Evenementen, cultuur en kunst"],"inLanguage":"nl-NL","potentialAction":[{"@type":"CommentAction","name":"Comment","target":["https:\/\/www.villainumbria.com\/nl\/abdij-van-san-salvatore-di-montecorona\/#respond"]}]},{"@type":"WebPage","@id":"https:\/\/www.villainumbria.com\/nl\/abdij-van-san-salvatore-di-montecorona\/","url":"https:\/\/www.villainumbria.com\/nl\/abdij-van-san-salvatore-di-montecorona\/","name":"Abdij van San Salvatore di Montecorona - Villa in Umbria","isPartOf":{"@id":"https:\/\/www.villainumbria.com\/nl\/#website"},"primaryImageOfPage":{"@id":"https:\/\/www.villainumbria.com\/nl\/abdij-van-san-salvatore-di-montecorona\/#primaryimage"},"image":{"@id":"https:\/\/www.villainumbria.com\/nl\/abdij-van-san-salvatore-di-montecorona\/#primaryimage"},"thumbnailUrl":"https:\/\/www.villainumbria.com\/nl\/wp-content\/uploads\/2021\/06\/DSC_1449.jpg","datePublished":"2021-06-26T17:08:24+00:00","dateModified":"2025-02-17T10:12:58+00:00","description":"De Abdij van San Salvatore di Montecorona ligt vlakbij Umbertide in een natuurgebied met wandelpaden en fietsroutes. Villa San Savino.","inLanguage":"nl-NL","potentialAction":[{"@type":"ReadAction","target":["https:\/\/www.villainumbria.com\/nl\/abdij-van-san-salvatore-di-montecorona\/"]}]},{"@type":"ImageObject","inLanguage":"nl-NL","@id":"https:\/\/www.villainumbria.com\/nl\/abdij-van-san-salvatore-di-montecorona\/#primaryimage","url":"https:\/\/www.villainumbria.com\/nl\/wp-content\/uploads\/2021\/06\/DSC_1449.jpg","contentUrl":"https:\/\/www.villainumbria.com\/nl\/wp-content\/uploads\/2021\/06\/DSC_1449.jpg","width":880,"height":540,"caption":"Abdij van San Salvatore di Montecorona"},{"@type":"WebSite","@id":"https:\/\/www.villainumbria.com\/nl\/#website","url":"https:\/\/www.villainumbria.com\/nl\/","name":"Villa in Umbria","description":"Een website over Umbri\u00eb: bezienswaardigheden, evenementen, restaurants en meer.","publisher":{"@id":"https:\/\/www.villainumbria.com\/nl\/#organization"},"potentialAction":[{"@type":"SearchAction","target":{"@type":"EntryPoint","urlTemplate":"https:\/\/www.villainumbria.com\/nl\/?s={search_term_string}"},"query-input":{"@type":"PropertyValueSpecification","valueRequired":true,"valueName":"search_term_string"}}],"inLanguage":"nl-NL"},{"@type":"Organization","@id":"https:\/\/www.villainumbria.com\/nl\/#organization","name":"Villa in Umbria","url":"https:\/\/www.villainumbria.com\/nl\/","logo":{"@type":"ImageObject","inLanguage":"nl-NL","@id":"https:\/\/www.villainumbria.com\/nl\/#\/schema\/logo\/image\/","url":"https:\/\/www.villainumbria.com\/nl\/wp-content\/uploads\/2018\/07\/cropped-cropped-villa_in_umbria__logo_senzascritta_trasp-1.png","contentUrl":"https:\/\/www.villainumbria.com\/nl\/wp-content\/uploads\/2018\/07\/cropped-cropped-villa_in_umbria__logo_senzascritta_trasp-1.png","width":1206,"height":903,"caption":"Villa in Umbria"},"image":{"@id":"https:\/\/www.villainumbria.com\/nl\/#\/schema\/logo\/image\/"},"sameAs":["https:\/\/www.facebook.com\/villainumbria.holidays","https:\/\/x.com\/villainumbria","https:\/\/www.instagram.com\/villainumbria.holidays\/","https:\/\/www.pinterest.com\/villainumbria\/","https:\/\/www.youtube.com\/villainumbria"]},{"@type":"Person","@id":"https:\/\/www.villainumbria.com\/nl\/#\/schema\/person\/7c2b9a67f438a37eef94728cfacb200c","name":"Villa in Umbria","image":{"@type":"ImageObject","inLanguage":"nl-NL","@id":"https:\/\/www.villainumbria.com\/nl\/#\/schema\/person\/image\/","url":"https:\/\/secure.gravatar.com\/avatar\/07b5986d2abbf1af255c81c969e876d46c235edd7e9e39da9f7e03c2385f71da?s=96&d=mm&r=g","contentUrl":"https:\/\/secure.gravatar.com\/avatar\/07b5986d2abbf1af255c81c969e876d46c235edd7e9e39da9f7e03c2385f71da?s=96&d=mm&r=g","caption":"Villa in Umbria"},"description":"Born in The Netherlands in 1969 and living in Umbria, Italy since 2000. Owner of https:\/\/www.villainumbria.com.","sameAs":["https:\/\/www.villainumbria.com","https:\/\/www.facebook.com\/villainumbria.holidays","https:\/\/www.instagram.com\/villainumbria.holidays\/","https:\/\/x.com\/villainumbria"],"url":"https:\/\/www.villainumbria.com\/nl\/author\/villainumbria\/"}]}},"_links":{"self":[{"href":"https:\/\/www.villainumbria.com\/nl\/wp-json\/wp\/v2\/posts\/11874","targetHints":{"allow":["GET"]}}],"collection":[{"href":"https:\/\/www.villainumbria.com\/nl\/wp-json\/wp\/v2\/posts"}],"about":[{"href":"https:\/\/www.villainumbria.com\/nl\/wp-json\/wp\/v2\/types\/post"}],"author":[{"embeddable":true,"href":"https:\/\/www.villainumbria.com\/nl\/wp-json\/wp\/v2\/users\/3"}],"replies":[{"embeddable":true,"href":"https:\/\/www.villainumbria.com\/nl\/wp-json\/wp\/v2\/comments?post=11874"}],"version-history":[{"count":3,"href":"https:\/\/www.villainumbria.com\/nl\/wp-json\/wp\/v2\/posts\/11874\/revisions"}],"predecessor-version":[{"id":14612,"href":"https:\/\/www.villainumbria.com\/nl\/wp-json\/wp\/v2\/posts\/11874\/revisions\/14612"}],"wp:featuredmedia":[{"embeddable":true,"href":"https:\/\/www.villainumbria.com\/nl\/wp-json\/wp\/v2\/media\/11893"}],"wp:attachment":[{"href":"https:\/\/www.villainumbria.com\/nl\/wp-json\/wp\/v2\/media?parent=11874"}],"wp:term":[{"taxonomy":"category","embeddable":true,"href":"https:\/\/www.villainumbria.com\/nl\/wp-json\/wp\/v2\/categories?post=11874"},{"taxonomy":"post_tag","embeddable":true,"href":"https:\/\/www.villainumbria.com\/nl\/wp-json\/wp\/v2\/tags?post=11874"}],"curies":[{"name":"wp","href":"https:\/\/api.w.org\/{rel}","templated":true}]}}