{"id":6895,"date":"2017-10-05T06:50:48","date_gmt":"2017-10-05T04:50:48","guid":{"rendered":"http:\/\/villainumbria.blog\/?p=6895"},"modified":"2024-11-07T16:49:41","modified_gmt":"2024-11-07T15:49:41","slug":"umbrie-blog-i-primi-d-italia-in-foligno","status":"publish","type":"post","link":"https:\/\/www.villainumbria.com\/nl\/umbrie-blog-i-primi-d-italia-in-foligno\/","title":{"rendered":"I Primi d&#8217;Italia in Foligno"},"content":{"rendered":"<p>Ieder jaar aan het eind van September is een groot eetfestijn <a title=\"Festival Nazionale dei Primi Piatti a Foligno\" href=\"https:\/\/www.villainumbria.com\/nl\/nl\/pasta-evenement-in-foligno-i-primi-d-italia-2014\/\" target=\"_blank\" rel=\"noopener noreferrer\">I Primi D&#8217;Italia in Foligno<\/a>. Een goede reden om deze door toeristen vaak ondergewaardeerde stad te bezoeken. Het was behoorlijk druk op zondagmiddag, maar erg gezellig. Er zijn door de hele stad plekken waar je primi (pasta of risotto) van een bepaalde streek kunt proeven, of van beroemde koks. Je betaalt aan de kassa \u20ac3 tot \u20ac8 euro en daarvoor kun je 1 tot 3 verschillende primi proeven.<\/p>\n<p><img loading=\"lazy\" decoding=\"async\" class=\"alignnone wp-image-6638 size-medium\" title=\"I Primi d'Italia in Foligno\" src=\"https:\/\/www.villainumbria.com\/nl\/wp-content\/uploads\/2017\/10\/iprimiditalia-foligno1-300x168.jpg\" alt=\"I Primi d'Italia in Foligno\" width=\"300\" height=\"168\" srcset=\"https:\/\/www.villainumbria.com\/nl\/wp-content\/uploads\/2017\/10\/iprimiditalia-foligno1-300x168.jpg 300w, https:\/\/www.villainumbria.com\/nl\/wp-content\/uploads\/2017\/10\/iprimiditalia-foligno1.jpg 700w\" sizes=\"(max-width: 300px) 100vw, 300px\" \/><\/p>\n<p><img loading=\"lazy\" decoding=\"async\" class=\"alignnone wp-image-6639 size-medium\" title=\"I Primi d'Italia in Foligno\" src=\"https:\/\/www.villainumbria.com\/nl\/wp-content\/uploads\/2017\/10\/iprimiditalia-foligno2-300x199.jpg\" alt=\"I Primi d'Italia in Foligno\" width=\"300\" height=\"199\" srcset=\"https:\/\/www.villainumbria.com\/nl\/wp-content\/uploads\/2017\/10\/iprimiditalia-foligno2-300x199.jpg 300w, https:\/\/www.villainumbria.com\/nl\/wp-content\/uploads\/2017\/10\/iprimiditalia-foligno2.jpg 700w\" sizes=\"(max-width: 300px) 100vw, 300px\" \/><\/p>\n<p><img loading=\"lazy\" decoding=\"async\" class=\"alignnone wp-image-6640 size-medium\" title=\"I Primi d'Italia in Foligno\" src=\"https:\/\/www.villainumbria.com\/nl\/wp-content\/uploads\/2017\/10\/iprimiditalia-foligno3-300x206.jpg\" alt=\"I Primi d'Italia in Foligno\" width=\"300\" height=\"206\" srcset=\"https:\/\/www.villainumbria.com\/nl\/wp-content\/uploads\/2017\/10\/iprimiditalia-foligno3-300x206.jpg 300w, https:\/\/www.villainumbria.com\/nl\/wp-content\/uploads\/2017\/10\/iprimiditalia-foligno3.jpg 700w\" sizes=\"(max-width: 300px) 100vw, 300px\" \/><br \/>\nBen je in de herfst in Umbri\u00eb ga dan naar dit festival voor een weinig toeristische ervaring, tenminste&#8230; weinig buitenlandse toeristen, wel heel veel Italianen. Foligno zelf is zeer de moeite waard. Een kleine leefbare stad in de vlakte tussen Assisi en Spoleto, makkelijk bereikbaar via de snelweg of met de trein. We schreven al eerder over <a title=\"De kathedraal van San Feliciano in Foligno\" href=\"https:\/\/www.villainumbria.com\/nl\/nl\/duomo-di-san-feliciano-in-foligno\/\" target=\"_blank\" rel=\"noopener noreferrer\">de dom in Foligno<\/a> en <a title=\"Palazzo Trinci in Foligno\" href=\"https:\/\/www.villainumbria.com\/nl\/palazzo-trinci-in-foligno-2\/\" target=\"_blank\" rel=\"noopener noreferrer\">Palazzo Trinci<\/a>.<\/p>\n<p><img loading=\"lazy\" decoding=\"async\" class=\"alignnone wp-image-6637 size-medium\" title=\"Foligno in Umbri\u00eb\" src=\"https:\/\/www.villainumbria.com\/nl\/wp-content\/uploads\/2017\/10\/foligno2-300x300.jpg\" alt=\"Foligno in Umbri\u00eb\" width=\"300\" height=\"300\" srcset=\"https:\/\/www.villainumbria.com\/nl\/wp-content\/uploads\/2017\/10\/foligno2-300x300.jpg 300w, https:\/\/www.villainumbria.com\/nl\/wp-content\/uploads\/2017\/10\/foligno2-150x150.jpg 150w, https:\/\/www.villainumbria.com\/nl\/wp-content\/uploads\/2017\/10\/foligno2.jpg 700w\" sizes=\"(max-width: 300px) 100vw, 300px\" \/><\/p>\n<p><img loading=\"lazy\" decoding=\"async\" class=\"alignnone wp-image-6636 size-medium\" title=\"Foligno in Umbri\u00eb\" src=\"https:\/\/www.villainumbria.com\/nl\/wp-content\/uploads\/2017\/10\/foligno1-300x199.jpg\" alt=\"Foligno in Umbri\u00eb\" width=\"300\" height=\"199\" srcset=\"https:\/\/www.villainumbria.com\/nl\/wp-content\/uploads\/2017\/10\/foligno1-300x199.jpg 300w, https:\/\/www.villainumbria.com\/nl\/wp-content\/uploads\/2017\/10\/foligno1.jpg 700w\" sizes=\"(max-width: 300px) 100vw, 300px\" \/><\/p>\n<p>Vlakbij Foligno ligt het beroemde wijndorp Montefalco waar we <a title=\"A Montefalco vakantie appartementen\" href=\"https:\/\/www.villainumbria.com\/nl\/1036023\/a-montefalco\" target=\"_blank\" rel=\"noopener noreferrer\">moderne appartementjes<\/a> verhuren, ideaal voor twee personen, op loopafstand van het dorp.<\/p>\n<p>Ieder jaar is in Foligno ook een middeleeuws festival, <a title=\"De quintana van Foligno - een middeleeuws festival\" href=\"http:\/\/www.quintana.it\/quintana-foligno\/index.php\/en\/\" target=\"_blank\" rel=\"noopener noreferrer\">de quintana<\/a>, in juni en in september.<\/p>\n","protected":false},"excerpt":{"rendered":"<p>Ieder jaar aan het eind van September is een groot eetfestijn I Primi D&#8217;Italia in Foligno. Een goede reden om deze door toeristen vaak ondergewaardeerde stad te bezoeken. Het was behoorlijk druk op zondagmiddag, maar erg gezellig. Er zijn door de hele stad plekken waar je primi (pasta of risotto) van een bepaalde streek kunt [&hellip;]<\/p>\n","protected":false},"author":3,"featured_media":6638,"comment_status":"open","ping_status":"open","sticky":false,"template":"","format":"standard","meta":{"_et_pb_use_builder":"","_et_pb_old_content":"","_et_gb_content_width":"","footnotes":""},"categories":[1209],"tags":[1743,1806,1991,3171],"class_list":["post-6895","post","type-post","status-publish","format-standard","has-post-thumbnail","hentry","category-umbrie-italie-cultuur","tag-evenementen-umbrie","tag-foligno-umbrie","tag-italie","tag-vakantiehuis-in-umbrie"],"yoast_head":"<!-- This site is optimized with the Yoast SEO plugin v26.8 - https:\/\/yoast.com\/product\/yoast-seo-wordpress\/ -->\n<title>I Primi d&#039;Italia in Foligno - Villa in Umbria<\/title>\n<meta name=\"description\" content=\"Eind September is een groot eetfestijn I Primi D&#039;Italia in Foligno. Een goede reden om deze door toeristen vaak ondergewaardeerde stad te bezoeken.\" \/>\n<meta name=\"robots\" content=\"index, follow, max-snippet:-1, max-image-preview:large, max-video-preview:-1\" \/>\n<link rel=\"canonical\" href=\"https:\/\/www.villainumbria.com\/nl\/umbrie-blog-i-primi-d-italia-in-foligno\/\" \/>\n<meta property=\"og:locale\" content=\"nl_NL\" \/>\n<meta property=\"og:type\" content=\"article\" \/>\n<meta property=\"og:title\" content=\"I Primi d&#039;Italia in Foligno - Villa in Umbria\" \/>\n<meta property=\"og:description\" content=\"Eind September is een groot eetfestijn I Primi D&#039;Italia in Foligno. Een goede reden om deze door toeristen vaak ondergewaardeerde stad te bezoeken.\" \/>\n<meta property=\"og:url\" content=\"https:\/\/www.villainumbria.com\/nl\/umbrie-blog-i-primi-d-italia-in-foligno\/\" \/>\n<meta property=\"og:site_name\" content=\"Villa in Umbria\" \/>\n<meta property=\"article:publisher\" content=\"https:\/\/www.facebook.com\/villainumbria.holidays\" \/>\n<meta property=\"article:author\" content=\"https:\/\/www.facebook.com\/villainumbria.holidays\" \/>\n<meta property=\"article:published_time\" content=\"2017-10-05T04:50:48+00:00\" \/>\n<meta property=\"article:modified_time\" content=\"2024-11-07T15:49:41+00:00\" \/>\n<meta property=\"og:image\" content=\"https:\/\/www.villainumbria.com\/nl\/wp-content\/uploads\/2017\/10\/iprimiditalia-foligno1.jpg\" \/>\n\t<meta property=\"og:image:width\" content=\"700\" \/>\n\t<meta property=\"og:image:height\" content=\"393\" \/>\n\t<meta property=\"og:image:type\" content=\"image\/jpeg\" \/>\n<meta name=\"author\" content=\"Villa in Umbria\" \/>\n<meta name=\"twitter:card\" content=\"summary_large_image\" \/>\n<meta name=\"twitter:creator\" content=\"@villainumbria\" \/>\n<meta name=\"twitter:site\" content=\"@villainumbria\" \/>\n<meta name=\"twitter:label1\" content=\"Geschreven door\" \/>\n\t<meta name=\"twitter:data1\" content=\"Villa in Umbria\" \/>\n\t<meta name=\"twitter:label2\" content=\"Geschatte leestijd\" \/>\n\t<meta name=\"twitter:data2\" content=\"3 minuten\" \/>\n<script type=\"application\/ld+json\" class=\"yoast-schema-graph\">{\"@context\":\"https:\/\/schema.org\",\"@graph\":[{\"@type\":\"Article\",\"@id\":\"https:\/\/www.villainumbria.com\/nl\/umbrie-blog-i-primi-d-italia-in-foligno\/#article\",\"isPartOf\":{\"@id\":\"https:\/\/www.villainumbria.com\/nl\/umbrie-blog-i-primi-d-italia-in-foligno\/\"},\"author\":{\"name\":\"Villa in Umbria\",\"@id\":\"https:\/\/www.villainumbria.com\/nl\/#\/schema\/person\/7c2b9a67f438a37eef94728cfacb200c\"},\"headline\":\"I Primi d&#8217;Italia in Foligno\",\"datePublished\":\"2017-10-05T04:50:48+00:00\",\"dateModified\":\"2024-11-07T15:49:41+00:00\",\"mainEntityOfPage\":{\"@id\":\"https:\/\/www.villainumbria.com\/nl\/umbrie-blog-i-primi-d-italia-in-foligno\/\"},\"wordCount\":183,\"commentCount\":0,\"publisher\":{\"@id\":\"https:\/\/www.villainumbria.com\/nl\/#organization\"},\"image\":{\"@id\":\"https:\/\/www.villainumbria.com\/nl\/umbrie-blog-i-primi-d-italia-in-foligno\/#primaryimage\"},\"thumbnailUrl\":\"https:\/\/www.villainumbria.com\/nl\/wp-content\/uploads\/2017\/10\/iprimiditalia-foligno1.jpg\",\"keywords\":[\"Evenementen in Umbri\u00eb\",\"Foligno\",\"Itali\u00eb\",\"Vakantiehuis in Umbri\u00eb\"],\"articleSection\":[\"Evenementen, cultuur en kunst\"],\"inLanguage\":\"nl-NL\",\"potentialAction\":[{\"@type\":\"CommentAction\",\"name\":\"Comment\",\"target\":[\"https:\/\/www.villainumbria.com\/nl\/umbrie-blog-i-primi-d-italia-in-foligno\/#respond\"]}]},{\"@type\":\"WebPage\",\"@id\":\"https:\/\/www.villainumbria.com\/nl\/umbrie-blog-i-primi-d-italia-in-foligno\/\",\"url\":\"https:\/\/www.villainumbria.com\/nl\/umbrie-blog-i-primi-d-italia-in-foligno\/\",\"name\":\"I Primi d'Italia in Foligno - Villa in Umbria\",\"isPartOf\":{\"@id\":\"https:\/\/www.villainumbria.com\/nl\/#website\"},\"primaryImageOfPage\":{\"@id\":\"https:\/\/www.villainumbria.com\/nl\/umbrie-blog-i-primi-d-italia-in-foligno\/#primaryimage\"},\"image\":{\"@id\":\"https:\/\/www.villainumbria.com\/nl\/umbrie-blog-i-primi-d-italia-in-foligno\/#primaryimage\"},\"thumbnailUrl\":\"https:\/\/www.villainumbria.com\/nl\/wp-content\/uploads\/2017\/10\/iprimiditalia-foligno1.jpg\",\"datePublished\":\"2017-10-05T04:50:48+00:00\",\"dateModified\":\"2024-11-07T15:49:41+00:00\",\"description\":\"Eind September is een groot eetfestijn I Primi D'Italia in Foligno. Een goede reden om deze door toeristen vaak ondergewaardeerde stad te bezoeken.\",\"inLanguage\":\"nl-NL\",\"potentialAction\":[{\"@type\":\"ReadAction\",\"target\":[\"https:\/\/www.villainumbria.com\/nl\/umbrie-blog-i-primi-d-italia-in-foligno\/\"]}]},{\"@type\":\"ImageObject\",\"inLanguage\":\"nl-NL\",\"@id\":\"https:\/\/www.villainumbria.com\/nl\/umbrie-blog-i-primi-d-italia-in-foligno\/#primaryimage\",\"url\":\"https:\/\/www.villainumbria.com\/nl\/wp-content\/uploads\/2017\/10\/iprimiditalia-foligno1.jpg\",\"contentUrl\":\"https:\/\/www.villainumbria.com\/nl\/wp-content\/uploads\/2017\/10\/iprimiditalia-foligno1.jpg\",\"width\":700,\"height\":393},{\"@type\":\"WebSite\",\"@id\":\"https:\/\/www.villainumbria.com\/nl\/#website\",\"url\":\"https:\/\/www.villainumbria.com\/nl\/\",\"name\":\"Villa in Umbria\",\"description\":\"Een website over Umbri\u00eb: bezienswaardigheden, evenementen, restaurants en meer.\",\"publisher\":{\"@id\":\"https:\/\/www.villainumbria.com\/nl\/#organization\"},\"potentialAction\":[{\"@type\":\"SearchAction\",\"target\":{\"@type\":\"EntryPoint\",\"urlTemplate\":\"https:\/\/www.villainumbria.com\/nl\/?s={search_term_string}\"},\"query-input\":{\"@type\":\"PropertyValueSpecification\",\"valueRequired\":true,\"valueName\":\"search_term_string\"}}],\"inLanguage\":\"nl-NL\"},{\"@type\":\"Organization\",\"@id\":\"https:\/\/www.villainumbria.com\/nl\/#organization\",\"name\":\"Villa in Umbria\",\"url\":\"https:\/\/www.villainumbria.com\/nl\/\",\"logo\":{\"@type\":\"ImageObject\",\"inLanguage\":\"nl-NL\",\"@id\":\"https:\/\/www.villainumbria.com\/nl\/#\/schema\/logo\/image\/\",\"url\":\"https:\/\/www.villainumbria.com\/nl\/wp-content\/uploads\/2018\/07\/cropped-cropped-villa_in_umbria__logo_senzascritta_trasp-1.png\",\"contentUrl\":\"https:\/\/www.villainumbria.com\/nl\/wp-content\/uploads\/2018\/07\/cropped-cropped-villa_in_umbria__logo_senzascritta_trasp-1.png\",\"width\":1206,\"height\":903,\"caption\":\"Villa in Umbria\"},\"image\":{\"@id\":\"https:\/\/www.villainumbria.com\/nl\/#\/schema\/logo\/image\/\"},\"sameAs\":[\"https:\/\/www.facebook.com\/villainumbria.holidays\",\"https:\/\/x.com\/villainumbria\",\"https:\/\/www.instagram.com\/villainumbria.holidays\/\",\"https:\/\/www.pinterest.com\/villainumbria\/\",\"https:\/\/www.youtube.com\/villainumbria\"]},{\"@type\":\"Person\",\"@id\":\"https:\/\/www.villainumbria.com\/nl\/#\/schema\/person\/7c2b9a67f438a37eef94728cfacb200c\",\"name\":\"Villa in Umbria\",\"image\":{\"@type\":\"ImageObject\",\"inLanguage\":\"nl-NL\",\"@id\":\"https:\/\/www.villainumbria.com\/nl\/#\/schema\/person\/image\/\",\"url\":\"https:\/\/secure.gravatar.com\/avatar\/07b5986d2abbf1af255c81c969e876d46c235edd7e9e39da9f7e03c2385f71da?s=96&d=mm&r=g\",\"contentUrl\":\"https:\/\/secure.gravatar.com\/avatar\/07b5986d2abbf1af255c81c969e876d46c235edd7e9e39da9f7e03c2385f71da?s=96&d=mm&r=g\",\"caption\":\"Villa in Umbria\"},\"description\":\"Born in The Netherlands in 1969 and living in Umbria, Italy since 2000. Owner of https:\/\/www.villainumbria.com.\",\"sameAs\":[\"https:\/\/www.villainumbria.com\",\"https:\/\/www.facebook.com\/villainumbria.holidays\",\"https:\/\/www.instagram.com\/villainumbria.holidays\/\",\"https:\/\/x.com\/villainumbria\"],\"url\":\"https:\/\/www.villainumbria.com\/nl\/author\/villainumbria\/\"}]}<\/script>\n<!-- \/ Yoast SEO plugin. -->","yoast_head_json":{"title":"I Primi d'Italia in Foligno - Villa in Umbria","description":"Eind September is een groot eetfestijn I Primi D'Italia in Foligno. Een goede reden om deze door toeristen vaak ondergewaardeerde stad te bezoeken.","robots":{"index":"index","follow":"follow","max-snippet":"max-snippet:-1","max-image-preview":"max-image-preview:large","max-video-preview":"max-video-preview:-1"},"canonical":"https:\/\/www.villainumbria.com\/nl\/umbrie-blog-i-primi-d-italia-in-foligno\/","og_locale":"nl_NL","og_type":"article","og_title":"I Primi d'Italia in Foligno - Villa in Umbria","og_description":"Eind September is een groot eetfestijn I Primi D'Italia in Foligno. Een goede reden om deze door toeristen vaak ondergewaardeerde stad te bezoeken.","og_url":"https:\/\/www.villainumbria.com\/nl\/umbrie-blog-i-primi-d-italia-in-foligno\/","og_site_name":"Villa in Umbria","article_publisher":"https:\/\/www.facebook.com\/villainumbria.holidays","article_author":"https:\/\/www.facebook.com\/villainumbria.holidays","article_published_time":"2017-10-05T04:50:48+00:00","article_modified_time":"2024-11-07T15:49:41+00:00","og_image":[{"width":700,"height":393,"url":"https:\/\/www.villainumbria.com\/nl\/wp-content\/uploads\/2017\/10\/iprimiditalia-foligno1.jpg","type":"image\/jpeg"}],"author":"Villa in Umbria","twitter_card":"summary_large_image","twitter_creator":"@villainumbria","twitter_site":"@villainumbria","twitter_misc":{"Geschreven door":"Villa in Umbria","Geschatte leestijd":"3 minuten"},"schema":{"@context":"https:\/\/schema.org","@graph":[{"@type":"Article","@id":"https:\/\/www.villainumbria.com\/nl\/umbrie-blog-i-primi-d-italia-in-foligno\/#article","isPartOf":{"@id":"https:\/\/www.villainumbria.com\/nl\/umbrie-blog-i-primi-d-italia-in-foligno\/"},"author":{"name":"Villa in Umbria","@id":"https:\/\/www.villainumbria.com\/nl\/#\/schema\/person\/7c2b9a67f438a37eef94728cfacb200c"},"headline":"I Primi d&#8217;Italia in Foligno","datePublished":"2017-10-05T04:50:48+00:00","dateModified":"2024-11-07T15:49:41+00:00","mainEntityOfPage":{"@id":"https:\/\/www.villainumbria.com\/nl\/umbrie-blog-i-primi-d-italia-in-foligno\/"},"wordCount":183,"commentCount":0,"publisher":{"@id":"https:\/\/www.villainumbria.com\/nl\/#organization"},"image":{"@id":"https:\/\/www.villainumbria.com\/nl\/umbrie-blog-i-primi-d-italia-in-foligno\/#primaryimage"},"thumbnailUrl":"https:\/\/www.villainumbria.com\/nl\/wp-content\/uploads\/2017\/10\/iprimiditalia-foligno1.jpg","keywords":["Evenementen in Umbri\u00eb","Foligno","Itali\u00eb","Vakantiehuis in Umbri\u00eb"],"articleSection":["Evenementen, cultuur en kunst"],"inLanguage":"nl-NL","potentialAction":[{"@type":"CommentAction","name":"Comment","target":["https:\/\/www.villainumbria.com\/nl\/umbrie-blog-i-primi-d-italia-in-foligno\/#respond"]}]},{"@type":"WebPage","@id":"https:\/\/www.villainumbria.com\/nl\/umbrie-blog-i-primi-d-italia-in-foligno\/","url":"https:\/\/www.villainumbria.com\/nl\/umbrie-blog-i-primi-d-italia-in-foligno\/","name":"I Primi d'Italia in Foligno - Villa in Umbria","isPartOf":{"@id":"https:\/\/www.villainumbria.com\/nl\/#website"},"primaryImageOfPage":{"@id":"https:\/\/www.villainumbria.com\/nl\/umbrie-blog-i-primi-d-italia-in-foligno\/#primaryimage"},"image":{"@id":"https:\/\/www.villainumbria.com\/nl\/umbrie-blog-i-primi-d-italia-in-foligno\/#primaryimage"},"thumbnailUrl":"https:\/\/www.villainumbria.com\/nl\/wp-content\/uploads\/2017\/10\/iprimiditalia-foligno1.jpg","datePublished":"2017-10-05T04:50:48+00:00","dateModified":"2024-11-07T15:49:41+00:00","description":"Eind September is een groot eetfestijn I Primi D'Italia in Foligno. Een goede reden om deze door toeristen vaak ondergewaardeerde stad te bezoeken.","inLanguage":"nl-NL","potentialAction":[{"@type":"ReadAction","target":["https:\/\/www.villainumbria.com\/nl\/umbrie-blog-i-primi-d-italia-in-foligno\/"]}]},{"@type":"ImageObject","inLanguage":"nl-NL","@id":"https:\/\/www.villainumbria.com\/nl\/umbrie-blog-i-primi-d-italia-in-foligno\/#primaryimage","url":"https:\/\/www.villainumbria.com\/nl\/wp-content\/uploads\/2017\/10\/iprimiditalia-foligno1.jpg","contentUrl":"https:\/\/www.villainumbria.com\/nl\/wp-content\/uploads\/2017\/10\/iprimiditalia-foligno1.jpg","width":700,"height":393},{"@type":"WebSite","@id":"https:\/\/www.villainumbria.com\/nl\/#website","url":"https:\/\/www.villainumbria.com\/nl\/","name":"Villa in Umbria","description":"Een website over Umbri\u00eb: bezienswaardigheden, evenementen, restaurants en meer.","publisher":{"@id":"https:\/\/www.villainumbria.com\/nl\/#organization"},"potentialAction":[{"@type":"SearchAction","target":{"@type":"EntryPoint","urlTemplate":"https:\/\/www.villainumbria.com\/nl\/?s={search_term_string}"},"query-input":{"@type":"PropertyValueSpecification","valueRequired":true,"valueName":"search_term_string"}}],"inLanguage":"nl-NL"},{"@type":"Organization","@id":"https:\/\/www.villainumbria.com\/nl\/#organization","name":"Villa in Umbria","url":"https:\/\/www.villainumbria.com\/nl\/","logo":{"@type":"ImageObject","inLanguage":"nl-NL","@id":"https:\/\/www.villainumbria.com\/nl\/#\/schema\/logo\/image\/","url":"https:\/\/www.villainumbria.com\/nl\/wp-content\/uploads\/2018\/07\/cropped-cropped-villa_in_umbria__logo_senzascritta_trasp-1.png","contentUrl":"https:\/\/www.villainumbria.com\/nl\/wp-content\/uploads\/2018\/07\/cropped-cropped-villa_in_umbria__logo_senzascritta_trasp-1.png","width":1206,"height":903,"caption":"Villa in Umbria"},"image":{"@id":"https:\/\/www.villainumbria.com\/nl\/#\/schema\/logo\/image\/"},"sameAs":["https:\/\/www.facebook.com\/villainumbria.holidays","https:\/\/x.com\/villainumbria","https:\/\/www.instagram.com\/villainumbria.holidays\/","https:\/\/www.pinterest.com\/villainumbria\/","https:\/\/www.youtube.com\/villainumbria"]},{"@type":"Person","@id":"https:\/\/www.villainumbria.com\/nl\/#\/schema\/person\/7c2b9a67f438a37eef94728cfacb200c","name":"Villa in Umbria","image":{"@type":"ImageObject","inLanguage":"nl-NL","@id":"https:\/\/www.villainumbria.com\/nl\/#\/schema\/person\/image\/","url":"https:\/\/secure.gravatar.com\/avatar\/07b5986d2abbf1af255c81c969e876d46c235edd7e9e39da9f7e03c2385f71da?s=96&d=mm&r=g","contentUrl":"https:\/\/secure.gravatar.com\/avatar\/07b5986d2abbf1af255c81c969e876d46c235edd7e9e39da9f7e03c2385f71da?s=96&d=mm&r=g","caption":"Villa in Umbria"},"description":"Born in The Netherlands in 1969 and living in Umbria, Italy since 2000. Owner of https:\/\/www.villainumbria.com.","sameAs":["https:\/\/www.villainumbria.com","https:\/\/www.facebook.com\/villainumbria.holidays","https:\/\/www.instagram.com\/villainumbria.holidays\/","https:\/\/x.com\/villainumbria"],"url":"https:\/\/www.villainumbria.com\/nl\/author\/villainumbria\/"}]}},"_links":{"self":[{"href":"https:\/\/www.villainumbria.com\/nl\/wp-json\/wp\/v2\/posts\/6895","targetHints":{"allow":["GET"]}}],"collection":[{"href":"https:\/\/www.villainumbria.com\/nl\/wp-json\/wp\/v2\/posts"}],"about":[{"href":"https:\/\/www.villainumbria.com\/nl\/wp-json\/wp\/v2\/types\/post"}],"author":[{"embeddable":true,"href":"https:\/\/www.villainumbria.com\/nl\/wp-json\/wp\/v2\/users\/3"}],"replies":[{"embeddable":true,"href":"https:\/\/www.villainumbria.com\/nl\/wp-json\/wp\/v2\/comments?post=6895"}],"version-history":[{"count":1,"href":"https:\/\/www.villainumbria.com\/nl\/wp-json\/wp\/v2\/posts\/6895\/revisions"}],"predecessor-version":[{"id":13839,"href":"https:\/\/www.villainumbria.com\/nl\/wp-json\/wp\/v2\/posts\/6895\/revisions\/13839"}],"wp:featuredmedia":[{"embeddable":true,"href":"https:\/\/www.villainumbria.com\/nl\/wp-json\/wp\/v2\/media\/6638"}],"wp:attachment":[{"href":"https:\/\/www.villainumbria.com\/nl\/wp-json\/wp\/v2\/media?parent=6895"}],"wp:term":[{"taxonomy":"category","embeddable":true,"href":"https:\/\/www.villainumbria.com\/nl\/wp-json\/wp\/v2\/categories?post=6895"},{"taxonomy":"post_tag","embeddable":true,"href":"https:\/\/www.villainumbria.com\/nl\/wp-json\/wp\/v2\/tags?post=6895"}],"curies":[{"name":"wp","href":"https:\/\/api.w.org\/{rel}","templated":true}]}}